{"id":1029,"date":"2016-07-14T17:55:33","date_gmt":"2016-07-14T20:55:33","guid":{"rendered":"http:\/\/realtour.tur.ar\/site\/?p=1029"},"modified":"2016-07-14T17:58:24","modified_gmt":"2016-07-14T20:58:24","slug":"asi-luce-hoy-el-hotel-ritz-paris","status":"publish","type":"post","link":"http:\/\/realtour.tur.ar\/site\/novedades\/asi-luce-hoy-el-hotel-ritz-paris\/","title":{"rendered":"As\u00ed luce hoy el hotel Ritz en Par\u00eds"},"content":{"rendered":"<p>Luego de cuatro a\u00f1os de obras, el hist\u00f3rico hotel de la capital francesa acaba de reabrir al p\u00fablico. Te mostramos c\u00f3mo qued\u00f3.<\/p>\n<p>Algunos establecimientos se han convertido en aut\u00e9nticos \u00edconos por su fama, lujo y glamour. Este es el caso del Ritz de Par\u00eds, el primer hotel de Europa que incorpor\u00f3 en sus habitaciones electricidad, ba\u00f1o y tel\u00e9fono, y que a lo largo de sus 118 a\u00f1os de historia ha albergado a los hu\u00e9spedes m\u00e1s ilustres,\u00a0atesorando entre sus paredes miles de an\u00e9cdotas.<\/p>\n<div class=\"cont600\">\n<div class=\"col480 r\">\n<div class=\"nota\">\n<p>Tras cuatro a\u00f1os de obras, el alojamiento reabre con un nuevo look, sin perder el refinamiento de anta\u00f1o.<\/p>\n<div class=\"cont-embedImage\">\n<p><img decoding=\"async\" class=\"embedImage\" src=\"http:\/\/images.clarin.com\/todoviajes\/novedades\/Salon-Psyche-Ritz-Paris_CLAIMA20160712_0360_17.jpg\" alt=\"Sal\u00f3n Psyche, Ritz Par\u00eds.\" \/><\/p>\n<p class=\"epiItem\">Sal\u00f3n Psyche, Ritz Par\u00eds.<\/p>\n<\/div>\n<p>Fiel a la m\u00e1xima de \u201crenovarse o morir\u201d, su propietario, el magnate Mohamed Al-Fayed, ha apostado por actualizar algunos aspectos -sobre todo, tecnol\u00f3gicos-, pero manteniendo el estilo que lo hizo famoso.<\/p>\n<div class=\"cont-embedImage\">\n<p><img decoding=\"async\" class=\"embedImage\" src=\"http:\/\/images.clarin.com\/todoviajes\/novedades\/Grand-Jardin-hotel_CLAIMA20160712_0364_17.jpg\" alt=\"Grand Jardin del hotel.\" \/><\/p>\n<p class=\"epiItem\">Grand Jardin del hotel.<\/p>\n<\/div>\n<p>El \u201cnuevo\u201d Ritz vuelve a brillar como nunca en la Place Vend\u00f4me, rindiendo homenaje a sus clientes m\u00e1s c\u00e9lebres, como Ernest Hemingway, Coco Chanel, F. Scott Fitzgerald, o Maria Callas.<\/p>\n<div class=\"cont-embedImage\">\n<p><img decoding=\"async\" class=\"embedImage\" src=\"http:\/\/images.clarin.com\/todoviajes\/novedades\/Suite-Scott-Fitzgerald-Ritz-Paris_CLAIMA20160712_0362_17.jpg\" alt=\"Suite F. Scott Fitzgerald, Ritz Par\u00eds.\" \/><\/p>\n<p class=\"epiItem\">Suite F. Scott Fitzgerald, Ritz Par\u00eds.<\/p>\n<\/div>\n<p>La transformaci\u00f3n del hotel ha alcanzado tanto a los espacios comunes como\u00a0a las suites, pero ha respetado ciertos rincones representativos, sumando otros nuevos\u00a0con un gui\u00f1o a su historia.<\/p>\n<div class=\"cont-embedImage\">\n<p><img decoding=\"async\" class=\"embedImage\" src=\"http:\/\/images.clarin.com\/todoviajes\/novedades\/Bar-Hemingway-RItz-Paris_CLAIMA20160712_0361_17.jpg\" alt=\"Bar Hemingway del RItz Par\u00eds.\" \/><\/p>\n<p class=\"epiItem\">Bar Hemingway del RItz Par\u00eds.<\/p>\n<\/div>\n<p>De esa forma, se destaca el Bar Hemingway, donde\u00a0el escritor estadounidense\u00a0pas\u00f3 incontables horas en sus estancias y se reuni\u00f3 con reconocidos autores.<\/p>\n<div class=\"cont-embedImage\">\n<p><img decoding=\"async\" class=\"embedImage\" src=\"http:\/\/images.clarin.com\/todoviajes\/novedades\/Salon-Proust-Ritz-Paris_CLAIMA20160712_0366_17.jpg\" alt=\"Sal\u00f3n Proust, Ritz Par\u00eds.\" \/><\/p>\n<p class=\"epiItem\">Sal\u00f3n Proust, Ritz Par\u00eds.<\/p>\n<\/div>\n<p>La suite Marcel Proust fue dise\u00f1ada\u00a0en homenaje al autor franc\u00e9s, comensal frecuente en las cenas del restaurante del hotel a principios de la d\u00e9cada del 20. Disfrutar una noche all\u00ed con vistas al jard\u00edn cuesta unos 4 mil euros.<\/p>\n<div class=\"cont-embedImage\">\n<p><img decoding=\"async\" class=\"embedImage\" src=\"http:\/\/images.clarin.com\/todoviajes\/novedades\/Piscina-Ritz-Paris_CLAIMA20160712_0363_17.jpg\" alt=\"Piscina del Ritz Par\u00eds.\" \/><\/p>\n<p class=\"epiItem\">Piscina del Ritz Par\u00eds.<\/p>\n<\/div>\n<p>Los casi 35 a\u00f1os que la dise\u00f1adora Coco Chanel residi\u00f3 en el Ritz tienen su particular homenaje no s\u00f3lo en la suite que lleva su nombre -una lujosa habitaci\u00f3n con vistas a la Place Vend\u00f4me- y que fue su hogar, sino en el spa que la firma ha instalado en el hotel.<\/p>\n<p>Con el nombre de Chanel au Ritz Paris, el complejo se completa con una piscina interior para los clientes m\u00e1s exigentes.<\/p>\n<div class=\"cont-embedImage\">\n<p><img decoding=\"async\" class=\"embedImage\" src=\"http:\/\/images.clarin.com\/todoviajes\/novedades\/LEspadon-restaurantes-nuevo-Ritz-Paris_CLAIMA20160712_0370_17.jpg\" alt=\"L'Espadon, uno de los restaurantes del nuevo Ritz de Par\u00eds.\" \/><\/p>\n<p class=\"epiItem\">L&#8217;Espadon, uno de los restaurantes del nuevo Ritz de Par\u00eds.<\/p>\n<\/div>\n<p>Entre los tres restaurantes de lujo se\u00a0destaca L\u2019Espadon, donde es posible degustar no s\u00f3lo excelentes platos t\u00edpicos de la gastronom\u00eda francesa tradicional\u00a0sino tambi\u00e9n innovadoras propuestas de la mano del chef Nicolas Sale.<\/p>\n<div class=\"cont-embedImage\">\n<p><img decoding=\"async\" class=\"embedImage\" src=\"http:\/\/images.clarin.com\/todoviajes\/novedades\/Bar-Vendome-Ritz-Paris_CLAIMA20160712_0365_17.jpg\" alt=\"Bar Vend\u00f4me, Ritz Par\u00eds.\" \/><\/p>\n<p class=\"epiItem\">Bar Vend\u00f4me, Ritz Par\u00eds.<\/p>\n<\/div>\n<p>Otros espacios que reflejan la elegancia: el sal\u00f3n Psyche,\u00a0el Bar del Ritz o el Bar Vend\u00f4me, ideales para tomar una copa.<\/p>\n<div class=\"cont-embedImage\">\n<p><img decoding=\"async\" class=\"embedImage\" src=\"http:\/\/images.clarin.com\/todoviajes\/novedades\/Grand-Jardin-Ritz-Paris_CLAIMA20160712_0371_17.jpg\" alt=\"Grand Jardin del Ritz Par\u00eds.\" \/><\/p>\n<p class=\"epiItem\">Grand Jardin del Ritz Par\u00eds.<\/p>\n<\/div>\n<p>Por \u00faltimo,\u00a0el Grand Jardin es\u00a0un incre\u00edble espacio al aire libre, situado en el interior del edificio, en el que uno se olvida por completo de que se encuentra en pleno centro de Par\u00eds.<\/p>\n<\/div>\n<\/div>\n<\/div>\n<p>&nbsp;<\/p>\n","protected":false},"excerpt":{"rendered":"<p>Luego de cuatro a\u00f1os de obras, el hist\u00f3rico hotel de la capital francesa acaba de reabrir al p\u00fablico. Te mostramos c\u00f3mo qued\u00f3. Algunos establecimientos se han convertido en aut\u00e9nticos \u00edconos por su fama, lujo y<\/p>\n<div class=\"padding-top text-center\"><a href=\"http:\/\/realtour.tur.ar\/site\/novedades\/asi-luce-hoy-el-hotel-ritz-paris\/\" class=\"atbtn atbtn--medium atbtn--rounded atbtn--transparent\">Leer m\u00e1s<i class=\"atbtn__icon atbtn__icon--right fa fa-long-arrow-right\"><\/i><\/a><\/div>\n","protected":false},"author":3,"featured_media":1030,"comment_status":"open","ping_status":"open","sticky":false,"template":"","format":"standard","meta":{"footnotes":""},"categories":[11],"tags":[],"class_list":["post-1029","post","type-post","status-publish","format-standard","has-post-thumbnail","hentry","category-novedades"],"_links":{"self":[{"href":"http:\/\/realtour.tur.ar\/site\/wp-json\/wp\/v2\/posts\/1029","targetHints":{"allow":["GET"]}}],"collection":[{"href":"http:\/\/realtour.tur.ar\/site\/wp-json\/wp\/v2\/posts"}],"about":[{"href":"http:\/\/realtour.tur.ar\/site\/wp-json\/wp\/v2\/types\/post"}],"author":[{"embeddable":true,"href":"http:\/\/realtour.tur.ar\/site\/wp-json\/wp\/v2\/users\/3"}],"replies":[{"embeddable":true,"href":"http:\/\/realtour.tur.ar\/site\/wp-json\/wp\/v2\/comments?post=1029"}],"version-history":[{"count":0,"href":"http:\/\/realtour.tur.ar\/site\/wp-json\/wp\/v2\/posts\/1029\/revisions"}],"wp:featuredmedia":[{"embeddable":true,"href":"http:\/\/realtour.tur.ar\/site\/wp-json\/wp\/v2\/media\/1030"}],"wp:attachment":[{"href":"http:\/\/realtour.tur.ar\/site\/wp-json\/wp\/v2\/media?parent=1029"}],"wp:term":[{"taxonomy":"category","embeddable":true,"href":"http:\/\/realtour.tur.ar\/site\/wp-json\/wp\/v2\/categories?post=1029"},{"taxonomy":"post_tag","embeddable":true,"href":"http:\/\/realtour.tur.ar\/site\/wp-json\/wp\/v2\/tags?post=1029"}],"curies":[{"name":"wp","href":"https:\/\/api.w.org\/{rel}","templated":true}]}}